{"id":6589,"date":"2026-03-19T18:32:57","date_gmt":"2026-03-19T17:32:57","guid":{"rendered":"https:\/\/hotel-dela-paix.com\/?p=6589"},"modified":"2026-04-25T15:31:48","modified_gmt":"2026-04-25T13:31:48","slug":"christophe_leclerc","status":"publish","type":"post","link":"https:\/\/hotel-dela-paix.com\/en\/christophe_leclerc\/","title":{"rendered":"La Champagne , de la terre \u00e0 la coupe"},"content":{"rendered":"<p>Nouveau Livre <a href=\"https:\/\/amzn.eu\/d\/01Ghxpc0\">\ud83d\udcd5<\/a><\/p>\n<p>disponible \u00e0 l\u2019h\u00f4tel de la Paix<\/p>\n<p style=\"text-align: left\" data-pm-slice=\"1 1 []\"><strong><br \/>\n<\/strong>Christophe Leclerc.<br \/>\n<a href=\"https:\/\/hotel-dela-paix.com\/wp-content\/uploads\/2026\/03\/IMG_2331.jpeg\"><img loading=\"lazy\" class=\"alignnone size-medium wp-image-6615\" src=\"https:\/\/hotel-dela-paix.com\/wp-content\/uploads\/2026\/03\/IMG_2331-300x300.jpeg\" alt=\"\" width=\"300\" height=\"300\" srcset=\"https:\/\/hotel-dela-paix.com\/wp-content\/uploads\/2026\/03\/IMG_2331-300x300.jpeg 300w, https:\/\/hotel-dela-paix.com\/wp-content\/uploads\/2026\/03\/IMG_2331.jpeg 1024w, https:\/\/hotel-dela-paix.com\/wp-content\/uploads\/2026\/03\/IMG_2331-150x150.jpeg 150w, https:\/\/hotel-dela-paix.com\/wp-content\/uploads\/2026\/03\/IMG_2331-768x768.jpeg 768w, https:\/\/hotel-dela-paix.com\/wp-content\/uploads\/2026\/03\/IMG_2331-350x350.jpeg 350w\" sizes=\"(max-width: 300px) 100vw, 300px\" \/><\/a><br \/>\nSon premier ouvrage, <em>Une aventure au-del\u00e0 des fronti\u00e8res<\/em>, retra\u00e7ait d\u00e9j\u00e0 une exp\u00e9rience marquante de sa vie : une saison au Canada, entre d\u00e9fis professionnels, rencontres fortes et amour naissant.<\/p>\n<p>Aujourd\u2019hui, avec <em>La Champagne, de la terre \u00e0 la coupe<\/em>, il signe un livre \u00e0 son image : sinc\u00e8re, accessible et profond\u00e9ment ancr\u00e9 dans la passion du vin.<\/p>\n<p>Cet ouvrage, soigneusement reli\u00e9 dans une finition haut de gamme, se pr\u00e9sente comme un v\u00e9ritable objet pr\u00e9cieux, id\u00e9al \u00e0 offrir ou \u00e0 conserver. \u00c0 la fois r\u00e9cit personnel, t\u00e9moignage de vie et guide pratique, il invite le lecteur \u00e0 plonger au c\u0153ur de l\u2019univers du Champagne.<\/p>\n<p>\u00c0 travers anecdotes, exp\u00e9riences et regard de professionnel, Christophe Leclerc d\u00e9voile les secrets d\u2019un savoir-faire unique, fa\u00e7onn\u00e9 par le temps, la nature et la passion des hommes. De l\u2019\u00e9laboration du champagne \u00e0 sa d\u00e9gustation, chaque \u00e9tape est expliqu\u00e9e avec clart\u00e9 et sensibilit\u00e9.<\/p>\n<p>Le lecteur y apprend \u00e0 reconna\u00eetre, appr\u00e9cier, d\u00e9finir et juger les diff\u00e9rents champagnes, afin d\u2019affiner son palais et mieux comprendre la richesse de leurs nuances.<\/p>\n<p>Magnifiquement illustr\u00e9, complet et accessible, ce livre s\u2019adresse aussi bien aux amateurs curieux qu\u2019aux passionn\u00e9s souhaitant approfondir leurs connaissances. Il constitue \u00e9galement un hommage sinc\u00e8re \u00e0 l\u2019art et \u00e0 la tradition champenoise, \u00e0 celles et ceux qui font vivre chaque jour ce patrimoine d\u2019exception.<\/p>\n<p>Enrichi de recettes gastronomiques et d\u2019accords mets et champagnes imagin\u00e9s par le chef Jean-Marc Simonetti, cet ouvrage prolonge l\u2019exp\u00e9rience jusque dans l\u2019assiette.<\/p>\n<p>Plus qu\u2019un livre, <em>La Champagne, de la terre \u00e0 la coupe<\/em> est une invitation au voyage sensoriel\u2026 de la terre \u00e0 la coupe. <a href=\"https:\/\/hotel-dela-paix.com\/wp-content\/uploads\/2026\/03\/80D654AF-6653-417D-8F48-22226BA68A7F.jpeg\"><img loading=\"lazy\" class=\"alignnone size-medium wp-image-6605\" src=\"https:\/\/hotel-dela-paix.com\/wp-content\/uploads\/2026\/03\/80D654AF-6653-417D-8F48-22226BA68A7F-200x300.jpeg\" alt=\"\" width=\"200\" height=\"300\" srcset=\"https:\/\/hotel-dela-paix.com\/wp-content\/uploads\/2026\/03\/80D654AF-6653-417D-8F48-22226BA68A7F-200x300.jpeg 200w, https:\/\/hotel-dela-paix.com\/wp-content\/uploads\/2026\/03\/80D654AF-6653-417D-8F48-22226BA68A7F-681x1024.jpeg 681w, https:\/\/hotel-dela-paix.com\/wp-content\/uploads\/2026\/03\/80D654AF-6653-417D-8F48-22226BA68A7F-768x1155.jpeg 768w, https:\/\/hotel-dela-paix.com\/wp-content\/uploads\/2026\/03\/80D654AF-6653-417D-8F48-22226BA68A7F.jpeg 931w\" sizes=\"(max-width: 200px) 100vw, 200px\" \/><\/a><\/p>\n","protected":false},"excerpt":{"rendered":"<p>Nouveau Livre \ud83d\udcd5 disponible \u00e0 l\u2019h\u00f4tel de la Paix Christophe Leclerc. Son premier ouvrage, Une aventure au-del\u00e0 des fronti\u00e8res, retra\u00e7ait d\u00e9j\u00e0 une exp\u00e9rience marquante de sa vie : une saison au Canada, entre d\u00e9fis professionnels, rencontres fortes et amour naissant. Aujourd\u2019hui, avec La Champagne, de la terre \u00e0 la coupe, il signe un livre \u00e0&#8230;<\/p>\n","protected":false},"author":8,"featured_media":0,"comment_status":"closed","ping_status":"closed","sticky":false,"template":"","format":"standard","meta":[],"categories":[107],"tags":[],"aioseo_notices":[],"_links":{"self":[{"href":"https:\/\/hotel-dela-paix.com\/en\/wp-json\/wp\/v2\/posts\/6589"}],"collection":[{"href":"https:\/\/hotel-dela-paix.com\/en\/wp-json\/wp\/v2\/posts"}],"about":[{"href":"https:\/\/hotel-dela-paix.com\/en\/wp-json\/wp\/v2\/types\/post"}],"author":[{"embeddable":true,"href":"https:\/\/hotel-dela-paix.com\/en\/wp-json\/wp\/v2\/users\/8"}],"replies":[{"embeddable":true,"href":"https:\/\/hotel-dela-paix.com\/en\/wp-json\/wp\/v2\/comments?post=6589"}],"version-history":[{"count":5,"href":"https:\/\/hotel-dela-paix.com\/en\/wp-json\/wp\/v2\/posts\/6589\/revisions"}],"predecessor-version":[{"id":6621,"href":"https:\/\/hotel-dela-paix.com\/en\/wp-json\/wp\/v2\/posts\/6589\/revisions\/6621"}],"wp:attachment":[{"href":"https:\/\/hotel-dela-paix.com\/en\/wp-json\/wp\/v2\/media?parent=6589"}],"wp:term":[{"taxonomy":"category","embeddable":true,"href":"https:\/\/hotel-dela-paix.com\/en\/wp-json\/wp\/v2\/categories?post=6589"},{"taxonomy":"post_tag","embeddable":true,"href":"https:\/\/hotel-dela-paix.com\/en\/wp-json\/wp\/v2\/tags?post=6589"}],"curies":[{"name":"wp","href":"https:\/\/api.w.org\/{rel}","templated":true}]}}